







{"id":1429,"date":"2021-11-28T21:48:49","date_gmt":"2021-11-28T20:48:49","guid":{"rendered":"https:\/\/pogoda-podkarpackie.pl\/?p=1429"},"modified":"2021-11-28T21:48:53","modified_gmt":"2021-11-28T20:48:53","slug":"pierwszy-snieg-na-podkarpaciu","status":"publish","type":"post","link":"https:\/\/pogoda-podkarpackie.pl\/index.php\/2021\/11\/28\/pierwszy-snieg-na-podkarpaciu\/","title":{"rendered":"Pierwszy \u015bnieg na Podkarpaciu!"},"content":{"rendered":"\n<p><em>Od kilku dni zauwa\u017camy w Polsce pierwsze opady \u015bniegu tej zimy. Jednych napawa to optymizmem, innych zupe\u0142nie przeciwnie. Podkarpacie, jak dot\u0105d, zimowe krajobrazy ogl\u0105da\u0142o jedynie na zdj\u0119ciach z zesz\u0142ego roku, jednak lada moment mo\u017ce\u00a0 si\u0119 to zmieni\u0107!<\/em><\/p>\n\n\n\n<h2 class=\"wp-block-heading\"><strong>Czy czeka nas \u015bnie\u017cny poniedzia\u0142ek?<\/strong><\/h2>\n\n\n\n<p>W poniedzia\u0142ek, 29.11.2021 prognozowane s\u0105 opady \u015bniegu na Podkarpaciu. Jak przewiduj\u0105 synoptycy, mo\u017ce spa\u015b\u0107 nawet od 4 do 10 cm bia\u0142ego puchu. Przy przewidywanej temperaturze w granicach 1\u00b0C warunki na drodze mog\u0105 by\u0107 niebezpieczne. Wszystko za spraw\u0105 ni\u017cu ze stref\u0105 frontow\u0105, kt\u00f3ry wkroczy\u0142 do Polski. Strefa ta oddziela powietrze ciep\u0142e na wschodzie i ch\u0142odnej za zachodzie. W miejscu styku tych dw\u00f3ch mas prognozowany jest intensywny opad deszczu, a nast\u0119pnie deszczu ze \u015bniegiem przechodz\u0105cego w sam \u015bnieg. \u00a0<\/p>\n\n\n\n<figure class=\"wp-block-image size-large\"><img loading=\"lazy\" decoding=\"async\" width=\"1024\" height=\"556\" src=\"https:\/\/pogoda-podkarpackie.pl\/wp-content\/uploads\/windy-1024x556.png\" alt=\"\" class=\"wp-image-1430\" srcset=\"https:\/\/pogoda-podkarpackie.pl\/wp-content\/uploads\/windy-1024x556.png 1024w, https:\/\/pogoda-podkarpackie.pl\/wp-content\/uploads\/windy-300x163.png 300w, https:\/\/pogoda-podkarpackie.pl\/wp-content\/uploads\/windy-768x417.png 768w, https:\/\/pogoda-podkarpackie.pl\/wp-content\/uploads\/windy-1536x835.png 1536w, https:\/\/pogoda-podkarpackie.pl\/wp-content\/uploads\/windy.png 1605w\" sizes=\"(max-width: 1024px) 100vw, 1024px\" \/><figcaption>\u017ar\u00f3d\u0142o: www.windy.com<\/figcaption><\/figure>\n","protected":false},"excerpt":{"rendered":"<p>Od kilku dni zauwa\u017camy w Polsce pierwsze opady \u015bniegu tej zimy. Jednych napawa to optymizmem, innych zupe\u0142nie przeciwnie. Podkarpacie, jak dot\u0105d, zimowe krajobrazy ogl\u0105da\u0142o jedynie na zdj\u0119ciach z zesz\u0142ego roku,&hellip; <\/p>\n","protected":false},"author":1,"featured_media":1430,"comment_status":"open","ping_status":"open","sticky":false,"template":"","format":"standard","meta":{"footnotes":""},"categories":[4],"tags":[],"yoast_head":"<!-- This site is optimized with the Yoast SEO plugin v22.9 - https:\/\/yoast.com\/wordpress\/plugins\/seo\/ -->\n<title>Pierwszy \u015bnieg na Podkarpaciu!<\/title>\n<meta name=\"description\" content=\"Od kilku dni zauwa\u017camy w Polsce pierwsze opady \u015bniegu tej zimy. Pierwszy \u015bnieg na Podkarpaciu tu\u017c, tu\u017c!\" \/>\n<meta name=\"robots\" content=\"index, follow, max-snippet:-1, max-image-preview:large, max-video-preview:-1\" \/>\n<link rel=\"canonical\" href=\"https:\/\/pogoda-podkarpackie.pl\/index.php\/2021\/11\/28\/pierwszy-snieg-na-podkarpaciu\/\" \/>\n<meta property=\"og:locale\" content=\"pl_PL\" \/>\n<meta property=\"og:type\" content=\"article\" \/>\n<meta property=\"og:title\" content=\"Pierwszy \u015bnieg na Podkarpaciu!\" \/>\n<meta property=\"og:description\" content=\"Od kilku dni zauwa\u017camy w Polsce pierwsze opady \u015bniegu tej zimy. Pierwszy \u015bnieg na Podkarpaciu tu\u017c, tu\u017c!\" \/>\n<meta property=\"og:url\" content=\"https:\/\/pogoda-podkarpackie.pl\/index.php\/2021\/11\/28\/pierwszy-snieg-na-podkarpaciu\/\" \/>\n<meta property=\"article:published_time\" content=\"2021-11-28T20:48:49+00:00\" \/>\n<meta property=\"article:modified_time\" content=\"2021-11-28T20:48:53+00:00\" \/>\n<meta property=\"og:image\" content=\"https:\/\/pogoda-podkarpackie.pl\/wp-content\/uploads\/windy.png\" \/>\n\t<meta property=\"og:image:width\" content=\"1605\" \/>\n\t<meta property=\"og:image:height\" content=\"872\" \/>\n\t<meta property=\"og:image:type\" content=\"image\/png\" \/>\n<meta name=\"author\" content=\"pogodapdk\" \/>\n<meta name=\"twitter:card\" content=\"summary_large_image\" \/>\n<meta name=\"twitter:label1\" content=\"Napisane przez\" \/>\n\t<meta name=\"twitter:data1\" content=\"pogodapdk\" \/>\n\t<meta name=\"twitter:label2\" content=\"Szacowany czas czytania\" \/>\n\t<meta name=\"twitter:data2\" content=\"1 minuta\" \/>\n<script type=\"application\/ld+json\" class=\"yoast-schema-graph\">{\"@context\":\"https:\/\/schema.org\",\"@graph\":[{\"@type\":\"Article\",\"@id\":\"https:\/\/pogoda-podkarpackie.pl\/index.php\/2021\/11\/28\/pierwszy-snieg-na-podkarpaciu\/#article\",\"isPartOf\":{\"@id\":\"https:\/\/pogoda-podkarpackie.pl\/index.php\/2021\/11\/28\/pierwszy-snieg-na-podkarpaciu\/\"},\"author\":{\"name\":\"pogodapdk\",\"@id\":\"https:\/\/pogoda-podkarpackie.pl\/#\/schema\/person\/d00805131cfee9672bb133a1f5f07a8d\"},\"headline\":\"Pierwszy \u015bnieg na Podkarpaciu!\",\"datePublished\":\"2021-11-28T20:48:49+00:00\",\"dateModified\":\"2021-11-28T20:48:53+00:00\",\"mainEntityOfPage\":{\"@id\":\"https:\/\/pogoda-podkarpackie.pl\/index.php\/2021\/11\/28\/pierwszy-snieg-na-podkarpaciu\/\"},\"wordCount\":145,\"commentCount\":0,\"publisher\":{\"@id\":\"https:\/\/pogoda-podkarpackie.pl\/#\/schema\/person\/d00805131cfee9672bb133a1f5f07a8d\"},\"image\":{\"@id\":\"https:\/\/pogoda-podkarpackie.pl\/index.php\/2021\/11\/28\/pierwszy-snieg-na-podkarpaciu\/#primaryimage\"},\"thumbnailUrl\":\"https:\/\/pogoda-podkarpackie.pl\/wp-content\/uploads\/windy.png\",\"articleSection\":[\"Aktualno\u015bci\"],\"inLanguage\":\"pl-PL\",\"potentialAction\":[{\"@type\":\"CommentAction\",\"name\":\"Comment\",\"target\":[\"https:\/\/pogoda-podkarpackie.pl\/index.php\/2021\/11\/28\/pierwszy-snieg-na-podkarpaciu\/#respond\"]}]},{\"@type\":\"WebPage\",\"@id\":\"https:\/\/pogoda-podkarpackie.pl\/index.php\/2021\/11\/28\/pierwszy-snieg-na-podkarpaciu\/\",\"url\":\"https:\/\/pogoda-podkarpackie.pl\/index.php\/2021\/11\/28\/pierwszy-snieg-na-podkarpaciu\/\",\"name\":\"Pierwszy \u015bnieg na Podkarpaciu!\",\"isPartOf\":{\"@id\":\"https:\/\/pogoda-podkarpackie.pl\/#website\"},\"primaryImageOfPage\":{\"@id\":\"https:\/\/pogoda-podkarpackie.pl\/index.php\/2021\/11\/28\/pierwszy-snieg-na-podkarpaciu\/#primaryimage\"},\"image\":{\"@id\":\"https:\/\/pogoda-podkarpackie.pl\/index.php\/2021\/11\/28\/pierwszy-snieg-na-podkarpaciu\/#primaryimage\"},\"thumbnailUrl\":\"https:\/\/pogoda-podkarpackie.pl\/wp-content\/uploads\/windy.png\",\"datePublished\":\"2021-11-28T20:48:49+00:00\",\"dateModified\":\"2021-11-28T20:48:53+00:00\",\"description\":\"Od kilku dni zauwa\u017camy w Polsce pierwsze opady \u015bniegu tej zimy. Pierwszy \u015bnieg na Podkarpaciu tu\u017c, tu\u017c!\",\"breadcrumb\":{\"@id\":\"https:\/\/pogoda-podkarpackie.pl\/index.php\/2021\/11\/28\/pierwszy-snieg-na-podkarpaciu\/#breadcrumb\"},\"inLanguage\":\"pl-PL\",\"potentialAction\":[{\"@type\":\"ReadAction\",\"target\":[\"https:\/\/pogoda-podkarpackie.pl\/index.php\/2021\/11\/28\/pierwszy-snieg-na-podkarpaciu\/\"]}]},{\"@type\":\"ImageObject\",\"inLanguage\":\"pl-PL\",\"@id\":\"https:\/\/pogoda-podkarpackie.pl\/index.php\/2021\/11\/28\/pierwszy-snieg-na-podkarpaciu\/#primaryimage\",\"url\":\"https:\/\/pogoda-podkarpackie.pl\/wp-content\/uploads\/windy.png\",\"contentUrl\":\"https:\/\/pogoda-podkarpackie.pl\/wp-content\/uploads\/windy.png\",\"width\":1605,\"height\":872,\"caption\":\"www.windy.com\"},{\"@type\":\"BreadcrumbList\",\"@id\":\"https:\/\/pogoda-podkarpackie.pl\/index.php\/2021\/11\/28\/pierwszy-snieg-na-podkarpaciu\/#breadcrumb\",\"itemListElement\":[{\"@type\":\"ListItem\",\"position\":1,\"name\":\"Strona g\u0142\u00f3wna\",\"item\":\"https:\/\/pogoda-podkarpackie.pl\/\"},{\"@type\":\"ListItem\",\"position\":2,\"name\":\"Pierwszy \u015bnieg na Podkarpaciu!\"}]},{\"@type\":\"WebSite\",\"@id\":\"https:\/\/pogoda-podkarpackie.pl\/#website\",\"url\":\"https:\/\/pogoda-podkarpackie.pl\/\",\"name\":\"\",\"description\":\"\",\"publisher\":{\"@id\":\"https:\/\/pogoda-podkarpackie.pl\/#\/schema\/person\/d00805131cfee9672bb133a1f5f07a8d\"},\"potentialAction\":[{\"@type\":\"SearchAction\",\"target\":{\"@type\":\"EntryPoint\",\"urlTemplate\":\"https:\/\/pogoda-podkarpackie.pl\/?s={search_term_string}\"},\"query-input\":\"required name=search_term_string\"}],\"inLanguage\":\"pl-PL\"},{\"@type\":[\"Person\",\"Organization\"],\"@id\":\"https:\/\/pogoda-podkarpackie.pl\/#\/schema\/person\/d00805131cfee9672bb133a1f5f07a8d\",\"name\":\"pogodapdk\",\"image\":{\"@type\":\"ImageObject\",\"inLanguage\":\"pl-PL\",\"@id\":\"https:\/\/pogoda-podkarpackie.pl\/#\/schema\/person\/image\/\",\"url\":\"https:\/\/secure.gravatar.com\/avatar\/6674b53f68107cc82213f877da11f179?s=96&d=mm&r=g\",\"contentUrl\":\"https:\/\/secure.gravatar.com\/avatar\/6674b53f68107cc82213f877da11f179?s=96&d=mm&r=g\",\"caption\":\"pogodapdk\"},\"logo\":{\"@id\":\"https:\/\/pogoda-podkarpackie.pl\/#\/schema\/person\/image\/\"},\"sameAs\":[\"https:\/\/pogoda-podkarpackie.pl\"]}]}<\/script>\n<!-- \/ Yoast SEO plugin. -->","yoast_head_json":{"title":"Pierwszy \u015bnieg na Podkarpaciu!","description":"Od kilku dni zauwa\u017camy w Polsce pierwsze opady \u015bniegu tej zimy. Pierwszy \u015bnieg na Podkarpaciu tu\u017c, tu\u017c!","robots":{"index":"index","follow":"follow","max-snippet":"max-snippet:-1","max-image-preview":"max-image-preview:large","max-video-preview":"max-video-preview:-1"},"canonical":"https:\/\/pogoda-podkarpackie.pl\/index.php\/2021\/11\/28\/pierwszy-snieg-na-podkarpaciu\/","og_locale":"pl_PL","og_type":"article","og_title":"Pierwszy \u015bnieg na Podkarpaciu!","og_description":"Od kilku dni zauwa\u017camy w Polsce pierwsze opady \u015bniegu tej zimy. Pierwszy \u015bnieg na Podkarpaciu tu\u017c, tu\u017c!","og_url":"https:\/\/pogoda-podkarpackie.pl\/index.php\/2021\/11\/28\/pierwszy-snieg-na-podkarpaciu\/","article_published_time":"2021-11-28T20:48:49+00:00","article_modified_time":"2021-11-28T20:48:53+00:00","og_image":[{"width":1605,"height":872,"url":"https:\/\/pogoda-podkarpackie.pl\/wp-content\/uploads\/windy.png","type":"image\/png"}],"author":"pogodapdk","twitter_card":"summary_large_image","twitter_misc":{"Napisane przez":"pogodapdk","Szacowany czas czytania":"1 minuta"},"schema":{"@context":"https:\/\/schema.org","@graph":[{"@type":"Article","@id":"https:\/\/pogoda-podkarpackie.pl\/index.php\/2021\/11\/28\/pierwszy-snieg-na-podkarpaciu\/#article","isPartOf":{"@id":"https:\/\/pogoda-podkarpackie.pl\/index.php\/2021\/11\/28\/pierwszy-snieg-na-podkarpaciu\/"},"author":{"name":"pogodapdk","@id":"https:\/\/pogoda-podkarpackie.pl\/#\/schema\/person\/d00805131cfee9672bb133a1f5f07a8d"},"headline":"Pierwszy \u015bnieg na Podkarpaciu!","datePublished":"2021-11-28T20:48:49+00:00","dateModified":"2021-11-28T20:48:53+00:00","mainEntityOfPage":{"@id":"https:\/\/pogoda-podkarpackie.pl\/index.php\/2021\/11\/28\/pierwszy-snieg-na-podkarpaciu\/"},"wordCount":145,"commentCount":0,"publisher":{"@id":"https:\/\/pogoda-podkarpackie.pl\/#\/schema\/person\/d00805131cfee9672bb133a1f5f07a8d"},"image":{"@id":"https:\/\/pogoda-podkarpackie.pl\/index.php\/2021\/11\/28\/pierwszy-snieg-na-podkarpaciu\/#primaryimage"},"thumbnailUrl":"https:\/\/pogoda-podkarpackie.pl\/wp-content\/uploads\/windy.png","articleSection":["Aktualno\u015bci"],"inLanguage":"pl-PL","potentialAction":[{"@type":"CommentAction","name":"Comment","target":["https:\/\/pogoda-podkarpackie.pl\/index.php\/2021\/11\/28\/pierwszy-snieg-na-podkarpaciu\/#respond"]}]},{"@type":"WebPage","@id":"https:\/\/pogoda-podkarpackie.pl\/index.php\/2021\/11\/28\/pierwszy-snieg-na-podkarpaciu\/","url":"https:\/\/pogoda-podkarpackie.pl\/index.php\/2021\/11\/28\/pierwszy-snieg-na-podkarpaciu\/","name":"Pierwszy \u015bnieg na Podkarpaciu!","isPartOf":{"@id":"https:\/\/pogoda-podkarpackie.pl\/#website"},"primaryImageOfPage":{"@id":"https:\/\/pogoda-podkarpackie.pl\/index.php\/2021\/11\/28\/pierwszy-snieg-na-podkarpaciu\/#primaryimage"},"image":{"@id":"https:\/\/pogoda-podkarpackie.pl\/index.php\/2021\/11\/28\/pierwszy-snieg-na-podkarpaciu\/#primaryimage"},"thumbnailUrl":"https:\/\/pogoda-podkarpackie.pl\/wp-content\/uploads\/windy.png","datePublished":"2021-11-28T20:48:49+00:00","dateModified":"2021-11-28T20:48:53+00:00","description":"Od kilku dni zauwa\u017camy w Polsce pierwsze opady \u015bniegu tej zimy. Pierwszy \u015bnieg na Podkarpaciu tu\u017c, tu\u017c!","breadcrumb":{"@id":"https:\/\/pogoda-podkarpackie.pl\/index.php\/2021\/11\/28\/pierwszy-snieg-na-podkarpaciu\/#breadcrumb"},"inLanguage":"pl-PL","potentialAction":[{"@type":"ReadAction","target":["https:\/\/pogoda-podkarpackie.pl\/index.php\/2021\/11\/28\/pierwszy-snieg-na-podkarpaciu\/"]}]},{"@type":"ImageObject","inLanguage":"pl-PL","@id":"https:\/\/pogoda-podkarpackie.pl\/index.php\/2021\/11\/28\/pierwszy-snieg-na-podkarpaciu\/#primaryimage","url":"https:\/\/pogoda-podkarpackie.pl\/wp-content\/uploads\/windy.png","contentUrl":"https:\/\/pogoda-podkarpackie.pl\/wp-content\/uploads\/windy.png","width":1605,"height":872,"caption":"www.windy.com"},{"@type":"BreadcrumbList","@id":"https:\/\/pogoda-podkarpackie.pl\/index.php\/2021\/11\/28\/pierwszy-snieg-na-podkarpaciu\/#breadcrumb","itemListElement":[{"@type":"ListItem","position":1,"name":"Strona g\u0142\u00f3wna","item":"https:\/\/pogoda-podkarpackie.pl\/"},{"@type":"ListItem","position":2,"name":"Pierwszy \u015bnieg na Podkarpaciu!"}]},{"@type":"WebSite","@id":"https:\/\/pogoda-podkarpackie.pl\/#website","url":"https:\/\/pogoda-podkarpackie.pl\/","name":"","description":"","publisher":{"@id":"https:\/\/pogoda-podkarpackie.pl\/#\/schema\/person\/d00805131cfee9672bb133a1f5f07a8d"},"potentialAction":[{"@type":"SearchAction","target":{"@type":"EntryPoint","urlTemplate":"https:\/\/pogoda-podkarpackie.pl\/?s={search_term_string}"},"query-input":"required name=search_term_string"}],"inLanguage":"pl-PL"},{"@type":["Person","Organization"],"@id":"https:\/\/pogoda-podkarpackie.pl\/#\/schema\/person\/d00805131cfee9672bb133a1f5f07a8d","name":"pogodapdk","image":{"@type":"ImageObject","inLanguage":"pl-PL","@id":"https:\/\/pogoda-podkarpackie.pl\/#\/schema\/person\/image\/","url":"https:\/\/secure.gravatar.com\/avatar\/6674b53f68107cc82213f877da11f179?s=96&d=mm&r=g","contentUrl":"https:\/\/secure.gravatar.com\/avatar\/6674b53f68107cc82213f877da11f179?s=96&d=mm&r=g","caption":"pogodapdk"},"logo":{"@id":"https:\/\/pogoda-podkarpackie.pl\/#\/schema\/person\/image\/"},"sameAs":["https:\/\/pogoda-podkarpackie.pl"]}]}},"_links":{"self":[{"href":"https:\/\/pogoda-podkarpackie.pl\/index.php\/wp-json\/wp\/v2\/posts\/1429"}],"collection":[{"href":"https:\/\/pogoda-podkarpackie.pl\/index.php\/wp-json\/wp\/v2\/posts"}],"about":[{"href":"https:\/\/pogoda-podkarpackie.pl\/index.php\/wp-json\/wp\/v2\/types\/post"}],"author":[{"embeddable":true,"href":"https:\/\/pogoda-podkarpackie.pl\/index.php\/wp-json\/wp\/v2\/users\/1"}],"replies":[{"embeddable":true,"href":"https:\/\/pogoda-podkarpackie.pl\/index.php\/wp-json\/wp\/v2\/comments?post=1429"}],"version-history":[{"count":1,"href":"https:\/\/pogoda-podkarpackie.pl\/index.php\/wp-json\/wp\/v2\/posts\/1429\/revisions"}],"predecessor-version":[{"id":1431,"href":"https:\/\/pogoda-podkarpackie.pl\/index.php\/wp-json\/wp\/v2\/posts\/1429\/revisions\/1431"}],"wp:featuredmedia":[{"embeddable":true,"href":"https:\/\/pogoda-podkarpackie.pl\/index.php\/wp-json\/wp\/v2\/media\/1430"}],"wp:attachment":[{"href":"https:\/\/pogoda-podkarpackie.pl\/index.php\/wp-json\/wp\/v2\/media?parent=1429"}],"wp:term":[{"taxonomy":"category","embeddable":true,"href":"https:\/\/pogoda-podkarpackie.pl\/index.php\/wp-json\/wp\/v2\/categories?post=1429"},{"taxonomy":"post_tag","embeddable":true,"href":"https:\/\/pogoda-podkarpackie.pl\/index.php\/wp-json\/wp\/v2\/tags?post=1429"}],"curies":[{"name":"wp","href":"https:\/\/api.w.org\/{rel}","templated":true}]}}